{"id":8650,"date":"2020-07-13T12:30:47","date_gmt":"2020-07-13T12:30:47","guid":{"rendered":"https:\/\/classiclandys.com\/?p=8650"},"modified":"2020-09-23T14:08:14","modified_gmt":"2020-09-23T14:08:14","slug":"nuestro-land-rover-santana-1300-roba-miradas-en-autobello-madrid-2019","status":"publish","type":"post","link":"https:\/\/classiclandys.com\/en\/nuestro-land-rover-santana-1300-roba-miradas-en-autobello-madrid-2019\/","title":{"rendered":"Nuestro Land Rover Santana 1300 roba miradas en Autobello Madrid 2019"},"content":{"rendered":"<p><img width=\"950\" height=\"713\" class=\"alignnone size-full wp-image-8775\" src=\"https:\/\/classiclandys.com\/wp-content\/uploads\/2020\/07\/Land-Rover-1300-en-Autobello-Madrid-2019-06.jpg\" alt=\"\" srcset=\"https:\/\/classiclandys.com\/wp-content\/uploads\/2020\/07\/Land-Rover-1300-en-Autobello-Madrid-2019-06.jpg 950w, https:\/\/classiclandys.com\/wp-content\/uploads\/2020\/07\/Land-Rover-1300-en-Autobello-Madrid-2019-06-416x312.jpg 416w, https:\/\/classiclandys.com\/wp-content\/uploads\/2020\/07\/Land-Rover-1300-en-Autobello-Madrid-2019-06-300x225.jpg 300w, https:\/\/classiclandys.com\/wp-content\/uploads\/2020\/07\/Land-Rover-1300-en-Autobello-Madrid-2019-06-768x576.jpg 768w\" sizes=\"(max-width: 950px) 100vw, 950px\" \/><a href=\"https:\/\/www.instagram.com\/classiclandy\/?hl=es\">Classic Landy<\/a> estuvo presente con los Land Rovers cl\u00e1sicos,  el pasado 03 de julio en <strong>Autobello del 2019<\/strong>.  El evento tuvo  lugar en La Casa de M\u00f3nico, ubicada en Madrid. Como es de suponer, Eventruck no pod\u00eda faltar a\u00a0<strong>uno de los eventos de coches m\u00e1s importantes<\/strong>\u00a0celebrados en Espa\u00f1a.<\/p>\n\n\n\n<p><p>En esta oportunidad apostamos por\u00a0<strong>nuestro espectacular Land Rover 1300<\/strong>\u00a0reci\u00e9n restaurado que adem\u00e1s de haber quedado chul\u00edsimo, rob\u00f3 la atenci\u00f3n de todos los amantes de los mejores movimientos del mundo, coches y relojes.<\/p> <p><img width=\"563\" height=\"750\" class=\"size-full wp-image-8776 aligncenter\" src=\"https:\/\/classiclandys.com\/wp-content\/uploads\/2020\/07\/Land-Rover-1300-en-Autobello-Madrid-2019-05.jpg\" alt=\"\" srcset=\"https:\/\/classiclandys.com\/wp-content\/uploads\/2020\/07\/Land-Rover-1300-en-Autobello-Madrid-2019-05.jpg 563w, https:\/\/classiclandys.com\/wp-content\/uploads\/2020\/07\/Land-Rover-1300-en-Autobello-Madrid-2019-05-416x554.jpg 416w, https:\/\/classiclandys.com\/wp-content\/uploads\/2020\/07\/Land-Rover-1300-en-Autobello-Madrid-2019-05-225x300.jpg 225w, https:\/\/classiclandys.com\/wp-content\/uploads\/2020\/07\/Land-Rover-1300-en-Autobello-Madrid-2019-05-450x600.jpg 450w, https:\/\/classiclandys.com\/wp-content\/uploads\/2020\/07\/Land-Rover-1300-en-Autobello-Madrid-2019-05-350x467.jpg 350w\" sizes=\"(max-width: 563px) 100vw, 563px\" \/><img width=\"950\" height=\"713\" class=\"alignnone size-full wp-image-8777\" src=\"https:\/\/classiclandys.com\/wp-content\/uploads\/2020\/07\/Land-Rover-1300-en-Autobello-Madrid-2019-03.jpg\" alt=\"\" srcset=\"https:\/\/classiclandys.com\/wp-content\/uploads\/2020\/07\/Land-Rover-1300-en-Autobello-Madrid-2019-03.jpg 950w, https:\/\/classiclandys.com\/wp-content\/uploads\/2020\/07\/Land-Rover-1300-en-Autobello-Madrid-2019-03-416x312.jpg 416w, https:\/\/classiclandys.com\/wp-content\/uploads\/2020\/07\/Land-Rover-1300-en-Autobello-Madrid-2019-03-300x225.jpg 300w, https:\/\/classiclandys.com\/wp-content\/uploads\/2020\/07\/Land-Rover-1300-en-Autobello-Madrid-2019-03-768x576.jpg 768w\" sizes=\"(max-width: 950px) 100vw, 950px\" \/><img width=\"950\" height=\"713\" class=\"alignnone size-full wp-image-8778\" src=\"https:\/\/classiclandys.com\/wp-content\/uploads\/2020\/07\/Land-Rover-1300-en-Autobello-Madrid-2019-02.jpg\" alt=\"\" srcset=\"https:\/\/classiclandys.com\/wp-content\/uploads\/2020\/07\/Land-Rover-1300-en-Autobello-Madrid-2019-02.jpg 950w, https:\/\/classiclandys.com\/wp-content\/uploads\/2020\/07\/Land-Rover-1300-en-Autobello-Madrid-2019-02-416x312.jpg 416w, https:\/\/classiclandys.com\/wp-content\/uploads\/2020\/07\/Land-Rover-1300-en-Autobello-Madrid-2019-02-300x225.jpg 300w, https:\/\/classiclandys.com\/wp-content\/uploads\/2020\/07\/Land-Rover-1300-en-Autobello-Madrid-2019-02-768x576.jpg 768w\" sizes=\"(max-width: 950px) 100vw, 950px\" \/><img width=\"563\" height=\"750\" class=\"size-full wp-image-8779 aligncenter\" src=\"https:\/\/classiclandys.com\/wp-content\/uploads\/2020\/07\/Land-Rover-1300-en-Autobello-Madrid-2019-04.jpg\" alt=\"\" srcset=\"https:\/\/classiclandys.com\/wp-content\/uploads\/2020\/07\/Land-Rover-1300-en-Autobello-Madrid-2019-04.jpg 563w, https:\/\/classiclandys.com\/wp-content\/uploads\/2020\/07\/Land-Rover-1300-en-Autobello-Madrid-2019-04-416x554.jpg 416w, https:\/\/classiclandys.com\/wp-content\/uploads\/2020\/07\/Land-Rover-1300-en-Autobello-Madrid-2019-04-225x300.jpg 225w, https:\/\/classiclandys.com\/wp-content\/uploads\/2020\/07\/Land-Rover-1300-en-Autobello-Madrid-2019-04-450x600.jpg 450w, https:\/\/classiclandys.com\/wp-content\/uploads\/2020\/07\/Land-Rover-1300-en-Autobello-Madrid-2019-04-350x467.jpg 350w\" sizes=\"(max-width: 563px) 100vw, 563px\" \/><\/p> <p>Para este veh\u00edculo dedicamos al menos<strong>\u00a0<a href=\"https:\/\/classiclandys.com\/en\/restauracion-y-reacondicionamiento-de-land-rover\/\">3 meses para su restauraci\u00f3n<\/a><\/strong>\u00a0\u00bfSuena mucho tiempo verdad? Pues realmente ha sido poco para todo lo que le hemos hecho a esta\u00a0<strong>joya reci\u00e9n pulida<\/strong>.<\/p> Para los Land Rovers cl\u00e1sicos, <span style=\"font-size: inherit;\">comenzamos por la pintura y tapizado nuevo, luego hicimos una restauraci\u00f3n el\u00e9ctrica completamente nueva, recuperamos la madera antigua y realizamos un\u00a0<\/span><strong style=\"font-size: inherit;\">tratamiento especial para eliminar el \u00f3xido<\/strong><span style=\"font-size: inherit;\">. Adem\u00e1s de restaurar el cuenta kil\u00f3metros, recuperamos el chasis y la caja de cambios. Como resultado obtuvimos\u00a0<\/span><strong style=\"font-size: inherit;\">un coche antiguo completamente nuevo<\/strong><span style=\"font-size: inherit;\">\u00a0que atrap\u00f3 la mirada de los asistentes a Autobello Madrid 2019.<\/span> <p>Este incre\u00edble Land Rover 1300 es una muestra de lo mucho que podemos hacer en Eventruck y de\u00a0<strong>nuestra pasi\u00f3n por la restauraci\u00f3n de coches<\/strong>. Donde muchos ven chatarras nosotros vemos joyas esperando ser pulidas por nuestro equipo.<\/p><\/p>\n\n\n\n<p>&nbsp;<\/p>\n<div class=\"sharing-default-minimal post-bottom\"><div class=\"nectar-social default\" data-position=\"\" data-color-override=\"override\"><div class=\"nectar-social-inner\"><a href=\"#\" class=\"nectar-love\" id=\"nectar-love-8650\" title=\"Love this\"> <i class=\"icon-salient-heart-2\"><\/i><span class=\"love-text\">Love<\/span><span class=\"total_loves\"><span class=\"nectar-love-count\">0<\/span><\/span><\/a><a class='facebook-share nectar-sharing' href='#' title='Share this'> <i class='fa fa-facebook'><\/i> <span class='social-text'>Share<\/span> <\/a><a class='twitter-share nectar-sharing' href='#' title='Tweet this'> <i class='fa fa-twitter'><\/i> <span class='social-text'>Tweet<\/span> <\/a><a class='linkedin-share nectar-sharing' href='#' title='Share this'> <i class='fa fa-linkedin'><\/i> <span class='social-text'>Share<\/span> <\/a><a class='pinterest-share nectar-sharing' href='#' title='Pin this'> <i class='fa fa-pinterest'><\/i> <span class='social-text'>Pin<\/span> <\/a><\/div><\/div><\/div>","protected":false},"excerpt":{"rendered":"<p>Classic Landy estuvo presente con los Land Rovers cl\u00e1sicos, el pasado 03 de julio en Autobello del 2019. El evento tuvo lugar en La Casa de M\u00f3nico, ubicada en Madrid. Como es de suponer, Eventruck no pod\u00eda faltar a\u00a0uno de los eventos de coches m\u00e1s importantes\u00a0celebrados en Espa\u00f1a. En esta oportunidad apostamos por\u00a0nuestro espectacular Land [&hellip;]<\/p>","protected":false},"author":1,"featured_media":8775,"comment_status":"open","ping_status":"open","sticky":false,"template":"","format":"standard","meta":{"_mi_skip_tracking":false,"spay_email":""},"categories":[5],"tags":[],"yoast_head":"<!-- This site is optimized with the Yoast SEO plugin v17.7.1 - https:\/\/yoast.com\/wordpress\/plugins\/seo\/ -->\n<title>Classic Landy en autobello Madrid &bull; Los Land Rovers cl\u00e1sicos<\/title>\n<meta name=\"description\" content=\"Classic Landy estuvo presente con los Land Rovers cl\u00e1sicos, el pasado 03 de julio en Autobello del 2019. Cuidamos y restauramos tu landy\" \/>\n<meta name=\"robots\" content=\"index, follow, max-snippet:-1, max-image-preview:large, max-video-preview:-1\" \/>\n<link rel=\"canonical\" href=\"https:\/\/classiclandys.com\/en\/nuestro-land-rover-santana-1300-roba-miradas-en-autobello-madrid-2019\/\" \/>\n<meta property=\"og:locale\" content=\"en_GB\" \/>\n<meta property=\"og:type\" content=\"article\" \/>\n<meta property=\"og:title\" content=\"Classic Landy en autobello Madrid &bull; Los Land Rovers cl\u00e1sicos\" \/>\n<meta property=\"og:description\" content=\"Classic Landy estuvo presente con los Land Rovers cl\u00e1sicos, el pasado 03 de julio en Autobello del 2019. Cuidamos y restauramos tu landy\" \/>\n<meta property=\"og:url\" content=\"https:\/\/classiclandys.com\/en\/nuestro-land-rover-santana-1300-roba-miradas-en-autobello-madrid-2019\/\" \/>\n<meta property=\"og:site_name\" content=\"Classic Landys\" \/>\n<meta property=\"article:published_time\" content=\"2020-07-13T12:30:47+00:00\" \/>\n<meta property=\"article:modified_time\" content=\"2020-09-23T14:08:14+00:00\" \/>\n<meta property=\"og:image\" content=\"https:\/\/classiclandys.com\/wp-content\/uploads\/2020\/07\/Land-Rover-1300-en-Autobello-Madrid-2019-06.jpg\" \/>\n\t<meta property=\"og:image:width\" content=\"950\" \/>\n\t<meta property=\"og:image:height\" content=\"713\" \/>\n<meta name=\"twitter:card\" content=\"summary_large_image\" \/>\n<meta name=\"twitter:label1\" content=\"Written by\" \/>\n\t<meta name=\"twitter:data1\" content=\"classicl\" \/>\n\t<meta name=\"twitter:label2\" content=\"Estimated reading time\" \/>\n\t<meta name=\"twitter:data2\" content=\"1 minute\" \/>\n<script type=\"application\/ld+json\" class=\"yoast-schema-graph\">{\"@context\":\"https:\/\/schema.org\",\"@graph\":[{\"@type\":\"WebSite\",\"@id\":\"https:\/\/classiclandys.com\/#website\",\"url\":\"https:\/\/classiclandys.com\/\",\"name\":\"Classic Landys\",\"description\":\"Restauraci\\u00f3n y Venta de Land Rovers\",\"potentialAction\":[{\"@type\":\"SearchAction\",\"target\":{\"@type\":\"EntryPoint\",\"urlTemplate\":\"https:\/\/classiclandys.com\/?s={search_term_string}\"},\"query-input\":\"required name=search_term_string\"}],\"inLanguage\":\"en-GB\"},{\"@type\":\"ImageObject\",\"@id\":\"https:\/\/classiclandys.com\/nuestro-land-rover-santana-1300-roba-miradas-en-autobello-madrid-2019\/#primaryimage\",\"inLanguage\":\"en-GB\",\"url\":\"https:\/\/classiclandys.com\/wp-content\/uploads\/2020\/07\/Land-Rover-1300-en-Autobello-Madrid-2019-06.jpg\",\"contentUrl\":\"https:\/\/classiclandys.com\/wp-content\/uploads\/2020\/07\/Land-Rover-1300-en-Autobello-Madrid-2019-06.jpg\",\"width\":950,\"height\":713},{\"@type\":\"WebPage\",\"@id\":\"https:\/\/classiclandys.com\/nuestro-land-rover-santana-1300-roba-miradas-en-autobello-madrid-2019\/#webpage\",\"url\":\"https:\/\/classiclandys.com\/nuestro-land-rover-santana-1300-roba-miradas-en-autobello-madrid-2019\/\",\"name\":\"Classic Landy en autobello Madrid &bull; Los Land Rovers cl\\u00e1sicos\",\"isPartOf\":{\"@id\":\"https:\/\/classiclandys.com\/#website\"},\"primaryImageOfPage\":{\"@id\":\"https:\/\/classiclandys.com\/nuestro-land-rover-santana-1300-roba-miradas-en-autobello-madrid-2019\/#primaryimage\"},\"datePublished\":\"2020-07-13T12:30:47+00:00\",\"dateModified\":\"2020-09-23T14:08:14+00:00\",\"author\":{\"@id\":\"https:\/\/classiclandys.com\/#\/schema\/person\/e5a1d1950c67e05a67c4e838a93ecd80\"},\"description\":\"Classic Landy estuvo presente con los Land Rovers cl\\u00e1sicos, el pasado 03 de julio en Autobello del 2019. Cuidamos y restauramos tu landy\",\"breadcrumb\":{\"@id\":\"https:\/\/classiclandys.com\/nuestro-land-rover-santana-1300-roba-miradas-en-autobello-madrid-2019\/#breadcrumb\"},\"inLanguage\":\"en-GB\",\"potentialAction\":[{\"@type\":\"ReadAction\",\"target\":[\"https:\/\/classiclandys.com\/nuestro-land-rover-santana-1300-roba-miradas-en-autobello-madrid-2019\/\"]}]},{\"@type\":\"BreadcrumbList\",\"@id\":\"https:\/\/classiclandys.com\/nuestro-land-rover-santana-1300-roba-miradas-en-autobello-madrid-2019\/#breadcrumb\",\"itemListElement\":[{\"@type\":\"ListItem\",\"position\":1,\"name\":\"Portada\",\"item\":\"https:\/\/classiclandys.com\/\"},{\"@type\":\"ListItem\",\"position\":2,\"name\":\"Nuestro Land Rover Santana 1300 roba miradas en Autobello Madrid 2019\"}]},{\"@type\":\"Person\",\"@id\":\"https:\/\/classiclandys.com\/#\/schema\/person\/e5a1d1950c67e05a67c4e838a93ecd80\",\"name\":\"classicl\",\"image\":{\"@type\":\"ImageObject\",\"@id\":\"https:\/\/classiclandys.com\/#personlogo\",\"inLanguage\":\"en-GB\",\"url\":\"https:\/\/secure.gravatar.com\/avatar\/6b31aa7b45e5110e0eb1729de4f20ba9?s=96&d=mm&r=g\",\"contentUrl\":\"https:\/\/secure.gravatar.com\/avatar\/6b31aa7b45e5110e0eb1729de4f20ba9?s=96&d=mm&r=g\",\"caption\":\"classicl\"},\"url\":\"https:\/\/classiclandys.com\/en\/author\/classicl\/\"}]}<\/script>\n<!-- \/ Yoast SEO plugin. -->","yoast_head_json":{"title":"Classic Landy en autobello Madrid &bull; Los Land Rovers cl\u00e1sicos","description":"Classic Landy estuvo presente con los Land Rovers cl\u00e1sicos, el pasado 03 de julio en Autobello del 2019. Cuidamos y restauramos tu landy","robots":{"index":"index","follow":"follow","max-snippet":"max-snippet:-1","max-image-preview":"max-image-preview:large","max-video-preview":"max-video-preview:-1"},"canonical":"https:\/\/classiclandys.com\/en\/nuestro-land-rover-santana-1300-roba-miradas-en-autobello-madrid-2019\/","og_locale":"en_GB","og_type":"article","og_title":"Classic Landy en autobello Madrid &bull; Los Land Rovers cl\u00e1sicos","og_description":"Classic Landy estuvo presente con los Land Rovers cl\u00e1sicos, el pasado 03 de julio en Autobello del 2019. Cuidamos y restauramos tu landy","og_url":"https:\/\/classiclandys.com\/en\/nuestro-land-rover-santana-1300-roba-miradas-en-autobello-madrid-2019\/","og_site_name":"Classic Landys","article_published_time":"2020-07-13T12:30:47+00:00","article_modified_time":"2020-09-23T14:08:14+00:00","og_image":[{"width":950,"height":713,"url":"https:\/\/classiclandys.com\/wp-content\/uploads\/2020\/07\/Land-Rover-1300-en-Autobello-Madrid-2019-06.jpg","type":"image\/jpeg"}],"twitter_card":"summary_large_image","twitter_misc":{"Written by":"classicl","Estimated reading time":"1 minute"},"schema":{"@context":"https:\/\/schema.org","@graph":[{"@type":"WebSite","@id":"https:\/\/classiclandys.com\/#website","url":"https:\/\/classiclandys.com\/","name":"Classic Landys","description":"Restauraci\u00f3n y Venta de Land Rovers","potentialAction":[{"@type":"SearchAction","target":{"@type":"EntryPoint","urlTemplate":"https:\/\/classiclandys.com\/?s={search_term_string}"},"query-input":"required name=search_term_string"}],"inLanguage":"en-GB"},{"@type":"ImageObject","@id":"https:\/\/classiclandys.com\/nuestro-land-rover-santana-1300-roba-miradas-en-autobello-madrid-2019\/#primaryimage","inLanguage":"en-GB","url":"https:\/\/classiclandys.com\/wp-content\/uploads\/2020\/07\/Land-Rover-1300-en-Autobello-Madrid-2019-06.jpg","contentUrl":"https:\/\/classiclandys.com\/wp-content\/uploads\/2020\/07\/Land-Rover-1300-en-Autobello-Madrid-2019-06.jpg","width":950,"height":713},{"@type":"WebPage","@id":"https:\/\/classiclandys.com\/nuestro-land-rover-santana-1300-roba-miradas-en-autobello-madrid-2019\/#webpage","url":"https:\/\/classiclandys.com\/nuestro-land-rover-santana-1300-roba-miradas-en-autobello-madrid-2019\/","name":"Classic Landy en autobello Madrid &bull; Los Land Rovers cl\u00e1sicos","isPartOf":{"@id":"https:\/\/classiclandys.com\/#website"},"primaryImageOfPage":{"@id":"https:\/\/classiclandys.com\/nuestro-land-rover-santana-1300-roba-miradas-en-autobello-madrid-2019\/#primaryimage"},"datePublished":"2020-07-13T12:30:47+00:00","dateModified":"2020-09-23T14:08:14+00:00","author":{"@id":"https:\/\/classiclandys.com\/#\/schema\/person\/e5a1d1950c67e05a67c4e838a93ecd80"},"description":"Classic Landy estuvo presente con los Land Rovers cl\u00e1sicos, el pasado 03 de julio en Autobello del 2019. Cuidamos y restauramos tu landy","breadcrumb":{"@id":"https:\/\/classiclandys.com\/nuestro-land-rover-santana-1300-roba-miradas-en-autobello-madrid-2019\/#breadcrumb"},"inLanguage":"en-GB","potentialAction":[{"@type":"ReadAction","target":["https:\/\/classiclandys.com\/nuestro-land-rover-santana-1300-roba-miradas-en-autobello-madrid-2019\/"]}]},{"@type":"BreadcrumbList","@id":"https:\/\/classiclandys.com\/nuestro-land-rover-santana-1300-roba-miradas-en-autobello-madrid-2019\/#breadcrumb","itemListElement":[{"@type":"ListItem","position":1,"name":"Portada","item":"https:\/\/classiclandys.com\/"},{"@type":"ListItem","position":2,"name":"Nuestro Land Rover Santana 1300 roba miradas en Autobello Madrid 2019"}]},{"@type":"Person","@id":"https:\/\/classiclandys.com\/#\/schema\/person\/e5a1d1950c67e05a67c4e838a93ecd80","name":"classicl","image":{"@type":"ImageObject","@id":"https:\/\/classiclandys.com\/#personlogo","inLanguage":"en-GB","url":"https:\/\/secure.gravatar.com\/avatar\/6b31aa7b45e5110e0eb1729de4f20ba9?s=96&d=mm&r=g","contentUrl":"https:\/\/secure.gravatar.com\/avatar\/6b31aa7b45e5110e0eb1729de4f20ba9?s=96&d=mm&r=g","caption":"classicl"},"url":"https:\/\/classiclandys.com\/en\/author\/classicl\/"}]}},"jetpack_featured_media_url":"https:\/\/classiclandys.com\/wp-content\/uploads\/2020\/07\/Land-Rover-1300-en-Autobello-Madrid-2019-06.jpg","_links":{"self":[{"href":"https:\/\/classiclandys.com\/en\/wp-json\/wp\/v2\/posts\/8650"}],"collection":[{"href":"https:\/\/classiclandys.com\/en\/wp-json\/wp\/v2\/posts"}],"about":[{"href":"https:\/\/classiclandys.com\/en\/wp-json\/wp\/v2\/types\/post"}],"author":[{"embeddable":true,"href":"https:\/\/classiclandys.com\/en\/wp-json\/wp\/v2\/users\/1"}],"replies":[{"embeddable":true,"href":"https:\/\/classiclandys.com\/en\/wp-json\/wp\/v2\/comments?post=8650"}],"version-history":[{"count":3,"href":"https:\/\/classiclandys.com\/en\/wp-json\/wp\/v2\/posts\/8650\/revisions"}],"predecessor-version":[{"id":8819,"href":"https:\/\/classiclandys.com\/en\/wp-json\/wp\/v2\/posts\/8650\/revisions\/8819"}],"wp:featuredmedia":[{"embeddable":true,"href":"https:\/\/classiclandys.com\/en\/wp-json\/wp\/v2\/media\/8775"}],"wp:attachment":[{"href":"https:\/\/classiclandys.com\/en\/wp-json\/wp\/v2\/media?parent=8650"}],"wp:term":[{"taxonomy":"category","embeddable":true,"href":"https:\/\/classiclandys.com\/en\/wp-json\/wp\/v2\/categories?post=8650"},{"taxonomy":"post_tag","embeddable":true,"href":"https:\/\/classiclandys.com\/en\/wp-json\/wp\/v2\/tags?post=8650"}],"curies":[{"name":"wp","href":"https:\/\/api.w.org\/{rel}","templated":true}]}}